{"id":8313,"date":"2025-06-26T14:37:19","date_gmt":"2025-06-26T12:37:19","guid":{"rendered":"https:\/\/torinoebraica.it\/books-june-2025\/"},"modified":"2025-12-03T13:46:59","modified_gmt":"2025-12-03T12:46:59","slug":"books-june-2025","status":"publish","type":"post","link":"https:\/\/torinoebraica.it\/en\/library\/books-june-2025\/","title":{"rendered":"Books June 2025"},"content":{"rendered":"<p>14202 <em>&#8211; Il palazzo dell&#8217;ebraico \/<\/em> Sarah Kaminski, Maria Teresa Milano. &#8211; Torino : Claudiana, \u00a92025. &#8211; 135 p. ; 21 cm, M.V.005   <\/p>\n<p>14203 &#8211;<em> Cercando l&#8217;aria : voce, discorso, midrash <\/em>\/ Haim Ben-Abraham ; prefazione di Adriana Cavarero. &#8211; Firenze : Giuntina, \u00a92025. &#8211; 257 p. ; 20 cm. G.I.060    <\/p>\n<p>14204 &#8211; <em>Ad ora incerta <\/em>\/ Primo Levi. &#8211; Torino : GEDI, 2024. &#8211; 148 p. ; 20 cm. ((In abbinamento a La Repubblica o a La Stampa, M. V.018   <\/p>\n<p>14205 &#8211; <em>La Genesi <\/em>\/ Haim Baharier, Erri De Luca. &#8211; Milano : Feltrinelli, 2025. &#8211; 153 p. ; 19 cm, G.I.062   <\/p>\n<p>14206 &#8211; <em>Cosa ho visto ad Auschwitz <\/em>\/ Alter Fajnzylberg ; a cura di Roger Fajnzylberg e Alban Perrin ; pref. &#8211; Torino : Einaudi, 2025. &#8211; VII, 276 p. : ill. ; 23 cm, M.V.017    <\/p>\n<p>14207 &#8211; <em>La cultura dell&#8217;odio : media, universit\u00e0 e artisti contro Israele <\/em>\/ Nathan Greppi. &#8211; Lindau : Torino, 2025. &#8211; 263 p. ; 21 cm, M.V.016   <\/p>\n<p>14208 &#8211; <em>Pi\u00f9 larga del mare \u00e8 la Tor\u00e0 : veloci immersioni nella cultura ebraica <\/em>\/ Massimo Giuliani. &#8211; Roma : Castelvecchi, 2024. &#8211; 201 p. ; 21 cm, M.V.014   <\/p>\n<p>14209 &#8211; <em>Moralit\u00e0 e sapienza ebraica : storia del musar <\/em>\/ Massimo Giuliani. &#8211; Brescia : Morcelliana, 2024. &#8211; 150 p. ; 21 cm   <\/p>\n<p>14210 &#8211; <em>Forme dello scetticismo ebraico in et\u00e0 moderna : storia, autorit\u00e0, interpretazione <\/em>\/ a cura di Giuseppe Veltri e Guido Bartolucci. &#8211; Torino : Paideia, 2025. &#8211; 189 p. ; 24 cm, M.V.012   <\/p>\n<p>14211 &#8211; <em>La Bibbia di Freud <\/em>\/ Paolo Jachia. &#8211; Torino : Claudiana, 2025. &#8211; 106 p. ; 21 cm, M.V.011   <\/p>\n<p>14212 &#8211; <em>Il passo falso : romanzo<\/em> \/ Marina Morpurgo. &#8211; Nuova ed. &#8211; Milano : Astoria, 2025. &#8211; 233 p. : [1] carta geografica ; 21 cm, M.V.010    <\/p>\n<p>14213 &#8211; <em>Non posso e non voglio tacere : riflessioni di una donna di pace<\/em> \/ Liliana Segre ; a cura di Alessia Rastelli. &#8211; Milano : Solferino, 2025. &#8211; 157 p. ; 22 cm, M.V.009   <\/p>\n<p>14214 &#8211; <em>Mitteleuropa ebraica <\/em>\/ a cura di Roberta Ascarelli e Massimiliano De Villa. &#8211; Milano : Mimesis, 2024. &#8211; 588 p. ; 21 cm., M.V.007   <\/p>\n","protected":false},"excerpt":{"rendered":"<p>June 2025 Acquisitions<\/p>\n","protected":false},"author":4,"featured_media":8312,"comment_status":"open","ping_status":"open","sticky":false,"template":"","format":"standard","meta":{"_acf_changed":false,"footnotes":""},"categories":[105],"tags":[],"class_list":["post-8313","post","type-post","status-publish","format-standard","has-post-thumbnail","hentry","category-library"],"acf":[],"_links":{"self":[{"href":"https:\/\/torinoebraica.it\/en\/wp-json\/wp\/v2\/posts\/8313","targetHints":{"allow":["GET"]}}],"collection":[{"href":"https:\/\/torinoebraica.it\/en\/wp-json\/wp\/v2\/posts"}],"about":[{"href":"https:\/\/torinoebraica.it\/en\/wp-json\/wp\/v2\/types\/post"}],"author":[{"embeddable":true,"href":"https:\/\/torinoebraica.it\/en\/wp-json\/wp\/v2\/users\/4"}],"replies":[{"embeddable":true,"href":"https:\/\/torinoebraica.it\/en\/wp-json\/wp\/v2\/comments?post=8313"}],"version-history":[{"count":1,"href":"https:\/\/torinoebraica.it\/en\/wp-json\/wp\/v2\/posts\/8313\/revisions"}],"predecessor-version":[{"id":8838,"href":"https:\/\/torinoebraica.it\/en\/wp-json\/wp\/v2\/posts\/8313\/revisions\/8838"}],"wp:featuredmedia":[{"embeddable":true,"href":"https:\/\/torinoebraica.it\/en\/wp-json\/wp\/v2\/media\/8312"}],"wp:attachment":[{"href":"https:\/\/torinoebraica.it\/en\/wp-json\/wp\/v2\/media?parent=8313"}],"wp:term":[{"taxonomy":"category","embeddable":true,"href":"https:\/\/torinoebraica.it\/en\/wp-json\/wp\/v2\/categories?post=8313"},{"taxonomy":"post_tag","embeddable":true,"href":"https:\/\/torinoebraica.it\/en\/wp-json\/wp\/v2\/tags?post=8313"}],"curies":[{"name":"wp","href":"https:\/\/api.w.org\/{rel}","templated":true}]}}