{"id":10397,"date":"2026-03-31T09:46:42","date_gmt":"2026-03-31T07:46:42","guid":{"rendered":"https:\/\/torinoebraica.it\/senza-categoria\/ecumenism-in-the-pontificate-of-leo-xiv\/"},"modified":"2026-03-31T09:46:42","modified_gmt":"2026-03-31T07:46:42","slug":"ecumenism-in-the-pontificate-of-leo-xiv","status":"publish","type":"post","link":"https:\/\/torinoebraica.it\/en\/articles\/ecumenism-in-the-pontificate-of-leo-xiv\/","title":{"rendered":"Ecumenism in the pontificate of Leo XIV"},"content":{"rendered":"<p>On Thursday, March 26, an interesting meeting was held at the Theological Faculty on Via XX Settembre, organized by the Piergiorgio Frassati Cultural Center, to reflect on Leo XIV&#8217;s attitude toward interreligious dialogue.<br \/>\n<strong>Giampiero Leo<\/strong>, vice president of the Regional Human Rights Committee and spokesperson for the Tavolo della Speranza (Table of Hope), introduced the event; <strong>Matteo Matzuzzi<\/strong>, Vatican correspondent for the daily newspaper &#8220;Il Foglio,&#8221; served as host and moderator; speakers included Monsignor <strong>Francesco Saverio Venuto<\/strong>, professor of Church History; <strong>Yahya Pallavicini<\/strong>, Imam of the Central Mosque of Milan and vice president of the Italian Islamic Religious Community (CoReIs); and Rabbi <strong>Ariel Finzi<\/strong>, Chief Rabbi of the Jewish Community of Turin.<br \/>\nAs Giampiero Leo immediately pointed out before beginning, no representative of our Community was present.<br \/>\nIn his introduction, Leo, in complete agreement with Leone&#8217;s vision, stigmatized the radicalization of identities and conflicts, but also openly condemned the false attitude of young people who use violent methods to claim they are against violence, the political exploitation of April 25 and the recent referendum, and all forms of anti-Semitism, even disguised ones.<br \/>\nMatzuzzi, whom I admired for his well-rounded preparation, spoke with great competence and clarity both about the political and military context of the Middle East, and about what can be gleaned from the new Pontiff&#8217;s early steps and speeches. The impression emerges of a wise person, who, by nature, is restrained in his speeches, but also aware of the potential for manipulation, intending to pick up on the interrupted discourse of Benedict XVI, as well as the Second Vatican Council, which recently seemed &#8220;out of fashion.&#8221;<br \/>\nArchbishop Venuto, as the subtitle of the meeting suggests, focused primarily on Leo&#8217;s moves to recall the Council of Nicaea in 325 CE and to reconnect with Orthodox Patriarch Bartholomew, especially at a time when the Russian Church was distancing itself from him. He focused primarily on the steps the Pope was taking within Christianity, which are crucial for engaging with the outside world.<br \/>\nThe person who most accurately captured the meeting&#8217;s theme was Imam Pallavicini, who presented the Muslim interpretation of Leo&#8217;s pontificate: he cited two speeches, one expressing good wishes for the end of the Ramadan fast, and one transmitted by Secretary of State Parolin to establish a study of the Quran and a Muslim-Christian dialogue. Pallavicini observed, perhaps a little bitterly (we Jews also have the same problem), that it is sometimes more complex to establish an INTRA-religious dialogue than an inter-religious one.<br \/>\nRabbi Finzi, for his part, admitted that he still knows little about the new Pontiff&#8217;s intentions and steps, but that he is confident given the pragmatic premises and preliminary statements that seem to distance themselves from the recent past. His speech, which might have seemed off-topic, was instead greatly appreciated by the audience. It laid the methodological foundation for any dialogue, expounding, among other things, the seven principles of Hillel that underlie Talmudic discussions. He also clearly distinguished the religious dimension of initiatives like this, which undoubtedly involve educated, well-intentioned, and well-intentioned people, from the political dimension with its distortions and falsehoods. Surviving and defending oneself does not in any way mean derogating from the higher ethical principles that should unite all men.<br \/>\nIn my humble opinion, if we only dealt with Christians and Muslims like these, without dangerous extremist and falsely religious tendencies, the world would be much better.   <\/p>\n<p>By Irene Abbiate<\/p>\n","protected":false},"excerpt":{"rendered":"<p>Gioved\u00ec 26 marzo presso la Facolt\u00e0 Teologica di via XX Settembre si \u00e8 svolto un interessante incontro organizzato dal Centro Culturale Piergiorgio Frassati, per riflettere sull\u2019atteggiamento di Leone XIV rispetto al dialogo interreligioso. Di Irene Abbiate. <\/p>\n","protected":false},"author":4,"featured_media":10398,"comment_status":"closed","ping_status":"closed","sticky":false,"template":"","format":"standard","meta":{"_acf_changed":false,"footnotes":""},"categories":[103],"tags":[],"class_list":["post-10397","post","type-post","status-publish","format-standard","has-post-thumbnail","hentry","category-articles"],"acf":[],"_links":{"self":[{"href":"https:\/\/torinoebraica.it\/en\/wp-json\/wp\/v2\/posts\/10397","targetHints":{"allow":["GET"]}}],"collection":[{"href":"https:\/\/torinoebraica.it\/en\/wp-json\/wp\/v2\/posts"}],"about":[{"href":"https:\/\/torinoebraica.it\/en\/wp-json\/wp\/v2\/types\/post"}],"author":[{"embeddable":true,"href":"https:\/\/torinoebraica.it\/en\/wp-json\/wp\/v2\/users\/4"}],"replies":[{"embeddable":true,"href":"https:\/\/torinoebraica.it\/en\/wp-json\/wp\/v2\/comments?post=10397"}],"version-history":[{"count":0,"href":"https:\/\/torinoebraica.it\/en\/wp-json\/wp\/v2\/posts\/10397\/revisions"}],"wp:featuredmedia":[{"embeddable":true,"href":"https:\/\/torinoebraica.it\/en\/wp-json\/wp\/v2\/media\/10398"}],"wp:attachment":[{"href":"https:\/\/torinoebraica.it\/en\/wp-json\/wp\/v2\/media?parent=10397"}],"wp:term":[{"taxonomy":"category","embeddable":true,"href":"https:\/\/torinoebraica.it\/en\/wp-json\/wp\/v2\/categories?post=10397"},{"taxonomy":"post_tag","embeddable":true,"href":"https:\/\/torinoebraica.it\/en\/wp-json\/wp\/v2\/tags?post=10397"}],"curies":[{"name":"wp","href":"https:\/\/api.w.org\/{rel}","templated":true}]}}